{"id":966,"date":"2024-12-05T09:11:32","date_gmt":"2024-12-05T08:11:32","guid":{"rendered":"https:\/\/adj.ifispan.pl\/?p=966"},"modified":"2024-12-05T09:11:32","modified_gmt":"2024-12-05T08:11:32","slug":"oral-history-seminar-in-november-an","status":"publish","type":"post","link":"https:\/\/adj.ifispan.pl\/index.php\/en\/oral-history-seminar-in-november-an\/","title":{"rendered":"Oral History Seminar in November 2024"},"content":{"rendered":"\n<p><\/p>\n\n\n\n<p>On November 27, during the Oral History Seminar, Ms. Monika Szewczyk, a PhD student at The Doctoral School in the Social Sciences at Jagiellonian University, presented an interview on participation in protests related to the tightening of abortion laws, conducted as part of a biographical method class taught by Prof. Gra\u017cyna Kubica.<\/p>\n\n\n\n<p>The Oral History Seminars are co-organized by the Faculty of Culture and Arts at the University of Warsaw, the Qualitative Data Archive at IFiS PAN, and the Polish Oral History Association. The initiative is under the patronage of the \u201cWroc\u0142awski Rocznik Historii M\u00f3wionej (Wroc\u0142aw Yearbook of Oral History)\u201d. If you would like to participate in future meetings or receive more information, please contact us: <a href=\"mailto:seminariumoralhistory@gmail.com\">seminariumoralhistory@gmail.com<\/a>.<\/p>\n\n\n\n<p><\/p>\n","protected":false},"excerpt":{"rendered":"<p>On November 27, during the Oral History Seminar, Ms. Monika Szewczyk, a PhD student at The Doctoral School in the Social Sciences at Jagiellonian University, presented an interview on participation in protests related to the tightening of abortion laws, conducted as part of a biographical method class taught by Prof. Gra\u017cyna Kubica. The Oral History &#8230; <a title=\"Oral History Seminar in November 2024\" class=\"read-more\" href=\"https:\/\/adj.ifispan.pl\/index.php\/en\/oral-history-seminar-in-november-an\/\" aria-label=\"Dowiedz si\u0119 wi\u0119cej o Oral History Seminar in November 2024\">Dowiedz si\u0119 wi\u0119cej<\/a><\/p>\n","protected":false},"author":4,"featured_media":0,"comment_status":"open","ping_status":"open","sticky":false,"template":"","format":"standard","meta":{"footnotes":""},"categories":[13],"tags":[],"class_list":["post-966","post","type-post","status-publish","format-standard","hentry","category-uncategorized-en"],"_links":{"self":[{"href":"https:\/\/adj.ifispan.pl\/index.php\/wp-json\/wp\/v2\/posts\/966","targetHints":{"allow":["GET"]}}],"collection":[{"href":"https:\/\/adj.ifispan.pl\/index.php\/wp-json\/wp\/v2\/posts"}],"about":[{"href":"https:\/\/adj.ifispan.pl\/index.php\/wp-json\/wp\/v2\/types\/post"}],"author":[{"embeddable":true,"href":"https:\/\/adj.ifispan.pl\/index.php\/wp-json\/wp\/v2\/users\/4"}],"replies":[{"embeddable":true,"href":"https:\/\/adj.ifispan.pl\/index.php\/wp-json\/wp\/v2\/comments?post=966"}],"version-history":[{"count":2,"href":"https:\/\/adj.ifispan.pl\/index.php\/wp-json\/wp\/v2\/posts\/966\/revisions"}],"predecessor-version":[{"id":970,"href":"https:\/\/adj.ifispan.pl\/index.php\/wp-json\/wp\/v2\/posts\/966\/revisions\/970"}],"wp:attachment":[{"href":"https:\/\/adj.ifispan.pl\/index.php\/wp-json\/wp\/v2\/media?parent=966"}],"wp:term":[{"taxonomy":"category","embeddable":true,"href":"https:\/\/adj.ifispan.pl\/index.php\/wp-json\/wp\/v2\/categories?post=966"},{"taxonomy":"post_tag","embeddable":true,"href":"https:\/\/adj.ifispan.pl\/index.php\/wp-json\/wp\/v2\/tags?post=966"}],"curies":[{"name":"wp","href":"https:\/\/api.w.org\/{rel}","templated":true}]}}