{"id":963,"date":"2024-12-05T09:01:37","date_gmt":"2024-12-05T08:01:37","guid":{"rendered":"https:\/\/adj.ifispan.pl\/?p=963"},"modified":"2024-12-05T09:06:18","modified_gmt":"2024-12-05T08:06:18","slug":"seminarium-historii-mowionej-w-listopadzie-2024","status":"publish","type":"post","link":"https:\/\/adj.ifispan.pl\/index.php\/seminarium-historii-mowionej-w-listopadzie-2024\/","title":{"rendered":"Seminarium Historii M\u00f3wionej w listopadzie 2024"},"content":{"rendered":"\n<p><\/p>\n\n\n\n<p>W listopadzie 2024 odby\u0142o si\u0119 kolejne Seminarium Historii M\u00f3wionej.  27 listopada p. Monika Szewczyk, doktorantka Szko\u0142y Doktorskiej Nauk Spo\u0142ecznych Uniwersytetu Jagiello\u0144skiego, zaprezentowa\u0142a wywiad dotycz\u0105cy udzia\u0142u w protestach zwi\u0105zanych z zaostrzeniem prawa aborcyjnego, zrealizowany w ramach zaj\u0119\u0107 z metody biograficznej, prowadzonych przez prof. Gra\u017cyn\u0119 Kubic\u0119 na Uniwersytecie Jagiello\u0144skim.<\/p>\n\n\n\n<p>Seminaria Historii M\u00f3wionej wsp\u00f3\u0142organizowane s\u0105&nbsp; przez Wydzia\u0142 Nauk o Kulturze i Sztuce UW, Archiwum Danych Jako\u015bciowych IFiS PAN oraz Polskie Towarzystwo Historii M\u00f3wionej. Inicjatywie patronuje \u201eWroc\u0142awski Rocznik Historii M\u00f3wionej\u201d. Osoby, kt\u00f3re chcia\u0142yby wzi\u0105\u0107 udzia\u0142 w kolejnych spotkaniach lub otrzyma\u0107 wi\u0119cej informacji, proszone s\u0105 o napisanie na adres: <a href=\"mailto:seminariumoralhistory@gmail.com\">seminariumoralhistory@gmail.com<\/a>.<\/p>\n\n\n\n<p><\/p>\n","protected":false},"excerpt":{"rendered":"<p>W listopadzie 2024 odby\u0142o si\u0119 kolejne Seminarium Historii M\u00f3wionej. 27 listopada p. Monika Szewczyk, doktorantka Szko\u0142y Doktorskiej Nauk Spo\u0142ecznych Uniwersytetu Jagiello\u0144skiego, zaprezentowa\u0142a wywiad dotycz\u0105cy udzia\u0142u w protestach zwi\u0105zanych z zaostrzeniem prawa aborcyjnego, zrealizowany w ramach zaj\u0119\u0107 z metody biograficznej, prowadzonych przez prof. Gra\u017cyn\u0119 Kubic\u0119 na Uniwersytecie Jagiello\u0144skim. Seminaria Historii M\u00f3wionej wsp\u00f3\u0142organizowane s\u0105&nbsp; przez Wydzia\u0142 Nauk &#8230; <a title=\"Seminarium Historii M\u00f3wionej w listopadzie 2024\" class=\"read-more\" href=\"https:\/\/adj.ifispan.pl\/index.php\/seminarium-historii-mowionej-w-listopadzie-2024\/\" aria-label=\"Dowiedz si\u0119 wi\u0119cej o Seminarium Historii M\u00f3wionej w listopadzie 2024\">Dowiedz si\u0119 wi\u0119cej<\/a><\/p>\n","protected":false},"author":4,"featured_media":0,"comment_status":"open","ping_status":"open","sticky":false,"template":"","format":"standard","meta":{"footnotes":""},"categories":[1],"tags":[],"class_list":["post-963","post","type-post","status-publish","format-standard","hentry","category-bez-kategorii"],"_links":{"self":[{"href":"https:\/\/adj.ifispan.pl\/index.php\/wp-json\/wp\/v2\/posts\/963","targetHints":{"allow":["GET"]}}],"collection":[{"href":"https:\/\/adj.ifispan.pl\/index.php\/wp-json\/wp\/v2\/posts"}],"about":[{"href":"https:\/\/adj.ifispan.pl\/index.php\/wp-json\/wp\/v2\/types\/post"}],"author":[{"embeddable":true,"href":"https:\/\/adj.ifispan.pl\/index.php\/wp-json\/wp\/v2\/users\/4"}],"replies":[{"embeddable":true,"href":"https:\/\/adj.ifispan.pl\/index.php\/wp-json\/wp\/v2\/comments?post=963"}],"version-history":[{"count":4,"href":"https:\/\/adj.ifispan.pl\/index.php\/wp-json\/wp\/v2\/posts\/963\/revisions"}],"predecessor-version":[{"id":969,"href":"https:\/\/adj.ifispan.pl\/index.php\/wp-json\/wp\/v2\/posts\/963\/revisions\/969"}],"wp:attachment":[{"href":"https:\/\/adj.ifispan.pl\/index.php\/wp-json\/wp\/v2\/media?parent=963"}],"wp:term":[{"taxonomy":"category","embeddable":true,"href":"https:\/\/adj.ifispan.pl\/index.php\/wp-json\/wp\/v2\/categories?post=963"},{"taxonomy":"post_tag","embeddable":true,"href":"https:\/\/adj.ifispan.pl\/index.php\/wp-json\/wp\/v2\/tags?post=963"}],"curies":[{"name":"wp","href":"https:\/\/api.w.org\/{rel}","templated":true}]}}