{"id":810,"date":"2023-10-03T10:15:03","date_gmt":"2023-10-03T08:15:03","guid":{"rendered":"https:\/\/adj.ifispan.pl\/?p=810"},"modified":"2023-10-18T09:25:19","modified_gmt":"2023-10-18T07:25:19","slug":"seminaria-historii-mowionej-w-roku-akademickim-2023-2024","status":"publish","type":"post","link":"https:\/\/adj.ifispan.pl\/index.php\/seminaria-historii-mowionej-w-roku-akademickim-2023-2024\/","title":{"rendered":"Seminaria Historii M\u00f3wionej w roku akademickim 2023\/2024"},"content":{"rendered":"\n<p>W nowym roku akademickim kontynuowane b\u0119d\u0105 Seminaria Historii M\u00f3wionej \u2013warsztatowe spotkania dedykowane analizie wywiad\u00f3w prowadzonych w nurcie historii m\u00f3wionej. Pierwsze spotkanie odb\u0119dzie si\u0119 25 pa\u017adziernika w godz. 13.30\u201317:30 w sali 154 Pa\u0142acu Staszica. Nast\u0119pne spotkania odbywa\u0107 si\u0119 b\u0119d\u0105 w kolejne czwarte \u015brody miesi\u0105ca (z wyj\u0105tkiem grudnia). Na pocz\u0105tku pa\u017adziernika organizatorzy cyklu \u2013 dr Piotr Filipkowski z IFiS PAN i dr Jakub Ga\u0142\u0119ziowski z Uniwersytetu Warszawskiego \u2013 roze\u015bl\u0105 materia\u0142y na pierwsze spotkanie oraz wst\u0119pny plan kolejnych. Osoby, kt\u00f3re nie uczestniczy\u0142y wcze\u015bniej w SHM, a chcia\u0142yby otrzymywa\u0107 na ten temat informacje, proszone s\u0105 o napisanie na adres:&nbsp; <a rel=\"noreferrer noopener\" href=\"mailto:seminariumoralhistory@gmail.com\" target=\"_blank\">seminariumoralhistory@gmail.com<\/a>.<\/p>\n","protected":false},"excerpt":{"rendered":"<p>W nowym roku akademickim kontynuowane b\u0119d\u0105 Seminaria Historii M\u00f3wionej \u2013warsztatowe spotkania dedykowane analizie wywiad\u00f3w prowadzonych w nurcie historii m\u00f3wionej. Pierwsze spotkanie odb\u0119dzie si\u0119 25 pa\u017adziernika w godz. 13.30\u201317:30 w sali 154 Pa\u0142acu Staszica. Nast\u0119pne spotkania odbywa\u0107 si\u0119 b\u0119d\u0105 w kolejne czwarte \u015brody miesi\u0105ca (z wyj\u0105tkiem grudnia). Na pocz\u0105tku pa\u017adziernika organizatorzy cyklu \u2013 dr Piotr Filipkowski &#8230; <a title=\"Seminaria Historii M\u00f3wionej w roku akademickim 2023\/2024\" class=\"read-more\" href=\"https:\/\/adj.ifispan.pl\/index.php\/seminaria-historii-mowionej-w-roku-akademickim-2023-2024\/\" aria-label=\"Dowiedz si\u0119 wi\u0119cej o Seminaria Historii M\u00f3wionej w roku akademickim 2023\/2024\">Dowiedz si\u0119 wi\u0119cej<\/a><\/p>\n","protected":false},"author":4,"featured_media":0,"comment_status":"closed","ping_status":"closed","sticky":false,"template":"","format":"standard","meta":{"footnotes":""},"categories":[1],"tags":[],"class_list":["post-810","post","type-post","status-publish","format-standard","hentry","category-bez-kategorii"],"_links":{"self":[{"href":"https:\/\/adj.ifispan.pl\/index.php\/wp-json\/wp\/v2\/posts\/810","targetHints":{"allow":["GET"]}}],"collection":[{"href":"https:\/\/adj.ifispan.pl\/index.php\/wp-json\/wp\/v2\/posts"}],"about":[{"href":"https:\/\/adj.ifispan.pl\/index.php\/wp-json\/wp\/v2\/types\/post"}],"author":[{"embeddable":true,"href":"https:\/\/adj.ifispan.pl\/index.php\/wp-json\/wp\/v2\/users\/4"}],"replies":[{"embeddable":true,"href":"https:\/\/adj.ifispan.pl\/index.php\/wp-json\/wp\/v2\/comments?post=810"}],"version-history":[{"count":3,"href":"https:\/\/adj.ifispan.pl\/index.php\/wp-json\/wp\/v2\/posts\/810\/revisions"}],"predecessor-version":[{"id":835,"href":"https:\/\/adj.ifispan.pl\/index.php\/wp-json\/wp\/v2\/posts\/810\/revisions\/835"}],"wp:attachment":[{"href":"https:\/\/adj.ifispan.pl\/index.php\/wp-json\/wp\/v2\/media?parent=810"}],"wp:term":[{"taxonomy":"category","embeddable":true,"href":"https:\/\/adj.ifispan.pl\/index.php\/wp-json\/wp\/v2\/categories?post=810"},{"taxonomy":"post_tag","embeddable":true,"href":"https:\/\/adj.ifispan.pl\/index.php\/wp-json\/wp\/v2\/tags?post=810"}],"curies":[{"name":"wp","href":"https:\/\/api.w.org\/{rel}","templated":true}]}}