{"id":786,"date":"2023-05-25T11:00:25","date_gmt":"2023-05-25T09:00:25","guid":{"rendered":"https:\/\/adj.ifispan.pl\/?p=786"},"modified":"2023-06-08T18:18:27","modified_gmt":"2023-06-08T16:18:27","slug":"seminaria-historii-mowionej-spotkanie-piate","status":"publish","type":"post","link":"https:\/\/adj.ifispan.pl\/index.php\/seminaria-historii-mowionej-spotkanie-piate\/","title":{"rendered":"Seminaria Historii M\u00f3wionej \u2013 spotkanie pi\u0105te"},"content":{"rendered":"\n<p>24 maja odby\u0142o si\u0119 w IFiS PAN kolejne Seminarium Historii M\u00f3wionej, ostatnie w pilota\u017cowym cyklu. Przedmiotem analizy by\u0142 jeden z czterdziestu kilku wywiad\u00f3w, jakie dr Marcin Jarz\u0105bek (Uniwersytet Jagiello\u0144ski) przeprowadzi\u0142 w latach 2021-2023 z osobami, kt\u00f3re pracowa\u0142y w Przedsi\u0119biorstwie \u201ePolskie Koleje Pa\u0144stwowe\u201d (lub kt\u00f3rej\u015b z firm powsta\u0142ych p\u00f3\u017aniej, po podziale PKP). Wywiady maj\u0105 charakter autobiograficzny, lecz skoncentrowane s\u0105 przewa\u017cnie na pracy zawodowej rozm\u00f3wc\u00f3w i rozm\u00f3wczy\u0144. Celem projektu jest stworzenie monografii o spo\u0142eczno-kulturowej historii pracy w PKP w drugiej po\u0142owie XX w. i na pocz\u0105tku XXI wieku. Praca ma powsta\u0107 w oparciu o wywiady, kwerendy w materia\u0142ach archiwalnych i analiz\u0119 materia\u0142\u00f3w z epoki. Podczas seminarium analizowany by\u0142 wywiad z pracowniczk\u0105 s\u0142u\u017cby handlowej PKP z po\u0142udniowo-zachodniej Polski.<\/p>\n\n\n\n<p>W spotkaniu wzi\u0119\u0142o ponad 20 os\u00f3b z kilku o\u015brodk\u00f3w badawczych w Polsce. Seminarium zako\u0144czyli\u015bmy zach\u0119t\u0105 do wype\u0142nienia ankiety ewaluacyjnej, kt\u00f3ra pomo\u017ce w podj\u0119ciu decyzji o ewentualnej kontynuacji przedsi\u0119wzi\u0119cia w nowym roku akademickim. Pilota\u017cowy cykl Seminari\u00f3w Historii M\u00f3wionej zorganizowany zosta\u0142 przez Archiwum Danych Jako\u015bciowych IFiS PAN, Polskie Towarzystwo Historii M\u00f3wionej i Wydzia\u0142 Nauk o Kulturze i Sztuce UW.<\/p>\n","protected":false},"excerpt":{"rendered":"<p>24 maja odby\u0142o si\u0119 w IFiS PAN kolejne Seminarium Historii M\u00f3wionej, ostatnie w pilota\u017cowym cyklu. Przedmiotem analizy by\u0142 jeden z czterdziestu kilku wywiad\u00f3w, jakie dr Marcin Jarz\u0105bek (Uniwersytet Jagiello\u0144ski) przeprowadzi\u0142 w latach 2021-2023 z osobami, kt\u00f3re pracowa\u0142y w Przedsi\u0119biorstwie \u201ePolskie Koleje Pa\u0144stwowe\u201d (lub kt\u00f3rej\u015b z firm powsta\u0142ych p\u00f3\u017aniej, po podziale PKP). Wywiady maj\u0105 charakter autobiograficzny, &#8230; <a title=\"Seminaria Historii M\u00f3wionej \u2013 spotkanie pi\u0105te\" class=\"read-more\" href=\"https:\/\/adj.ifispan.pl\/index.php\/seminaria-historii-mowionej-spotkanie-piate\/\" aria-label=\"Dowiedz si\u0119 wi\u0119cej o Seminaria Historii M\u00f3wionej \u2013 spotkanie pi\u0105te\">Dowiedz si\u0119 wi\u0119cej<\/a><\/p>\n","protected":false},"author":3,"featured_media":0,"comment_status":"closed","ping_status":"closed","sticky":false,"template":"","format":"standard","meta":{"footnotes":""},"categories":[1],"tags":[],"class_list":["post-786","post","type-post","status-publish","format-standard","hentry","category-bez-kategorii"],"_links":{"self":[{"href":"https:\/\/adj.ifispan.pl\/index.php\/wp-json\/wp\/v2\/posts\/786","targetHints":{"allow":["GET"]}}],"collection":[{"href":"https:\/\/adj.ifispan.pl\/index.php\/wp-json\/wp\/v2\/posts"}],"about":[{"href":"https:\/\/adj.ifispan.pl\/index.php\/wp-json\/wp\/v2\/types\/post"}],"author":[{"embeddable":true,"href":"https:\/\/adj.ifispan.pl\/index.php\/wp-json\/wp\/v2\/users\/3"}],"replies":[{"embeddable":true,"href":"https:\/\/adj.ifispan.pl\/index.php\/wp-json\/wp\/v2\/comments?post=786"}],"version-history":[{"count":3,"href":"https:\/\/adj.ifispan.pl\/index.php\/wp-json\/wp\/v2\/posts\/786\/revisions"}],"predecessor-version":[{"id":794,"href":"https:\/\/adj.ifispan.pl\/index.php\/wp-json\/wp\/v2\/posts\/786\/revisions\/794"}],"wp:attachment":[{"href":"https:\/\/adj.ifispan.pl\/index.php\/wp-json\/wp\/v2\/media?parent=786"}],"wp:term":[{"taxonomy":"category","embeddable":true,"href":"https:\/\/adj.ifispan.pl\/index.php\/wp-json\/wp\/v2\/categories?post=786"},{"taxonomy":"post_tag","embeddable":true,"href":"https:\/\/adj.ifispan.pl\/index.php\/wp-json\/wp\/v2\/tags?post=786"}],"curies":[{"name":"wp","href":"https:\/\/api.w.org\/{rel}","templated":true}]}}