{"id":765,"date":"2023-01-26T19:31:00","date_gmt":"2023-01-26T18:31:00","guid":{"rendered":"https:\/\/adj.ifispan.pl\/?p=765"},"modified":"2023-05-20T19:35:47","modified_gmt":"2023-05-20T17:35:47","slug":"oral-history-seminars-a-pilot-series","status":"publish","type":"post","link":"https:\/\/adj.ifispan.pl\/index.php\/en\/oral-history-seminars-a-pilot-series\/","title":{"rendered":"Oral History Seminars \u2013 A Pilot Series"},"content":{"rendered":"\n<figure class=\"wp-block-image size-thumbnail\"><img loading=\"lazy\" decoding=\"async\" width=\"150\" height=\"150\" src=\"https:\/\/adj.ifispan.pl\/wp-content\/uploads\/2023\/01\/SHM_logo-120-dpi-1-150x150.jpg\" alt=\"logo SHM\" class=\"wp-image-768\" srcset=\"https:\/\/adj.ifispan.pl\/wp-content\/uploads\/2023\/01\/SHM_logo-120-dpi-1-150x150.jpg 150w, https:\/\/adj.ifispan.pl\/wp-content\/uploads\/2023\/01\/SHM_logo-120-dpi-1-300x300.jpg 300w, https:\/\/adj.ifispan.pl\/wp-content\/uploads\/2023\/01\/SHM_logo-120-dpi-1-768x768.jpg 768w, https:\/\/adj.ifispan.pl\/wp-content\/uploads\/2023\/01\/SHM_logo-120-dpi-1.jpg 898w\" sizes=\"auto, (max-width: 150px) 100vw, 150px\" \/><\/figure>\n\n\n\n<p>The Qualitative Data Archive (QDA), together with the Polish Oral History Association and the Faculty of Culture and Arts of the University of Warsaw, is organizing a pilot series of Oral History Seminars. These workshop-style meetings are dedicated to the analysis of interviews conducted within the field of oral history, both those stored in archives and completely new ones recorded as part of ongoing projects. The main initiator is Dr. Jakub Ga\u0142\u0119ziowski from the University of Warsaw. The meetings are patronized by the journal <em>Wroc\u0142awski Rocznik Historii M\u00f3wionej<\/em> (Wroc\u0142aw Yearbook of Oral History).<\/p>\n\n\n\n<p>On January 25th, the first meeting of the new series took place at the Institute of Philosophy and Sociology of the Polish Academy of Sciences (IFiS PAN). The first part was devoted to presenting the idea of the seminars and discussing how to implement it. In the second part, the participants jointly analyzed an interview conducted by Dr. Jakub Ga\u0142\u0119ziowski as part of the currently ongoing project \u201cA Breach in the System: The \u2018Polonia Firms\u2019 1976-1994\u201d. The meeting was attended by 23 participants representing over a dozen institutions, including academic units, archives, and NGOs.<\/p>\n\n\n\n<p>The upcoming meeting dates are February 22nd, March 22nd, April 26th, and May 24th. The seminars will take place at the Institute of Philosophy and Sociology of the Polish Academy of Sciences from 2 p.m. to 6 p.m. To join the mailing list and receive materials for the upcoming meetings, please contact the organizers at <a href=\"mailto:seminariumoralhistory@gmail.com\">seminariumoralhistory@gmail.com<\/a>.<\/p>\n\n\n\n<p>From the side of the QDA, Dr. Piotr Filipkowski and Dr. Danuta \u017byczy\u0144ska-Cio\u0142ek are involved in the project.<\/p>\n","protected":false},"excerpt":{"rendered":"<p>The Qualitative Data Archive (QDA), together with the Polish Oral History Association and the Faculty of Culture and Arts of the University of Warsaw, is organizing a pilot series of Oral History Seminars. These workshop-style meetings are dedicated to the analysis of interviews conducted within the field of oral history, both those stored in archives &#8230; <a title=\"Oral History Seminars \u2013 A Pilot Series\" class=\"read-more\" href=\"https:\/\/adj.ifispan.pl\/index.php\/en\/oral-history-seminars-a-pilot-series\/\" aria-label=\"Dowiedz si\u0119 wi\u0119cej o Oral History Seminars \u2013 A Pilot Series\">Dowiedz si\u0119 wi\u0119cej<\/a><\/p>\n","protected":false},"author":3,"featured_media":0,"comment_status":"closed","ping_status":"closed","sticky":false,"template":"","format":"standard","meta":{"footnotes":""},"categories":[13],"tags":[],"class_list":["post-765","post","type-post","status-publish","format-standard","hentry","category-uncategorized-en"],"_links":{"self":[{"href":"https:\/\/adj.ifispan.pl\/index.php\/wp-json\/wp\/v2\/posts\/765","targetHints":{"allow":["GET"]}}],"collection":[{"href":"https:\/\/adj.ifispan.pl\/index.php\/wp-json\/wp\/v2\/posts"}],"about":[{"href":"https:\/\/adj.ifispan.pl\/index.php\/wp-json\/wp\/v2\/types\/post"}],"author":[{"embeddable":true,"href":"https:\/\/adj.ifispan.pl\/index.php\/wp-json\/wp\/v2\/users\/3"}],"replies":[{"embeddable":true,"href":"https:\/\/adj.ifispan.pl\/index.php\/wp-json\/wp\/v2\/comments?post=765"}],"version-history":[{"count":5,"href":"https:\/\/adj.ifispan.pl\/index.php\/wp-json\/wp\/v2\/posts\/765\/revisions"}],"predecessor-version":[{"id":772,"href":"https:\/\/adj.ifispan.pl\/index.php\/wp-json\/wp\/v2\/posts\/765\/revisions\/772"}],"wp:attachment":[{"href":"https:\/\/adj.ifispan.pl\/index.php\/wp-json\/wp\/v2\/media?parent=765"}],"wp:term":[{"taxonomy":"category","embeddable":true,"href":"https:\/\/adj.ifispan.pl\/index.php\/wp-json\/wp\/v2\/categories?post=765"},{"taxonomy":"post_tag","embeddable":true,"href":"https:\/\/adj.ifispan.pl\/index.php\/wp-json\/wp\/v2\/tags?post=765"}],"curies":[{"name":"wp","href":"https:\/\/api.w.org\/{rel}","templated":true}]}}