{"id":758,"date":"2023-04-26T12:53:00","date_gmt":"2023-04-26T10:53:00","guid":{"rendered":"https:\/\/adj.ifispan.pl\/?p=758"},"modified":"2023-04-29T22:58:57","modified_gmt":"2023-04-29T20:58:57","slug":"nowy-zbior-narratives-of-political-and-economic-transition-1995","status":"publish","type":"post","link":"https:\/\/adj.ifispan.pl\/index.php\/nowy-zbior-narratives-of-political-and-economic-transition-1995\/","title":{"rendered":"Nowy zbi\u00f3r: Narratives of political and economic transition, 1995"},"content":{"rendered":"\n<p>W ADJ IFiS PAN opublikowany zosta\u0142 zbi\u00f3r pt. \u201e<a href=\"https:\/\/rds.icm.edu.pl\/dataset.xhtml?persistentId=doi:10.18150\/DAN8AB\" target=\"_blank\" rel=\"noreferrer noopener\">Narratives of political and economic transition, 1995<\/a>\u201d. Zbi\u00f3r zawiera 73 transkrypcje wywiad\u00f3w jako\u015bciowych, przeprowadzonych w 1995 r. z wybranymi respondentami badania nazywanego dzisiaj <a href=\"https:\/\/polpan.org\/pl\/\" data-type=\"URL\" data-id=\"https:\/\/polpan.org\/pl\/\" target=\"_blank\" rel=\"noreferrer noopener\">Polskim Badaniem Panelowym POLPAN<\/a> (oraz dwie transkrypcje wywiad\u00f3w pilota\u017cowych). Autork\u0105 wywiad\u00f3w jest dr Denise Powers, kt\u00f3ra w okresie realizacji projektu by\u0142a doktorantk\u0105 The University of North Carolina at Chapel Hill. Na podstawie zgromadzonego materia\u0142u obroni\u0142a ona prac\u0119 doktorsk\u0105 pt. \u201eThe Psychological Basis of Democratic Transitions: Self and Politics in Poland\u201d. Wywiady prowadzone by\u0142y w j\u0119zyku polskim. Przed umieszczeniem ich w ADJ zosta\u0142y zanonimizowane.<\/p>\n","protected":false},"excerpt":{"rendered":"<p>W ADJ IFiS PAN opublikowany zosta\u0142 zbi\u00f3r pt. \u201eNarratives of political and economic transition, 1995\u201d. Zbi\u00f3r zawiera 73 transkrypcje wywiad\u00f3w jako\u015bciowych, przeprowadzonych w 1995 r. z wybranymi respondentami badania nazywanego dzisiaj Polskim Badaniem Panelowym POLPAN (oraz dwie transkrypcje wywiad\u00f3w pilota\u017cowych). Autork\u0105 wywiad\u00f3w jest dr Denise Powers, kt\u00f3ra w okresie realizacji projektu by\u0142a doktorantk\u0105 The University &#8230; <a title=\"Nowy zbi\u00f3r: Narratives of political and economic transition, 1995\" class=\"read-more\" href=\"https:\/\/adj.ifispan.pl\/index.php\/nowy-zbior-narratives-of-political-and-economic-transition-1995\/\" aria-label=\"Dowiedz si\u0119 wi\u0119cej o Nowy zbi\u00f3r: Narratives of political and economic transition, 1995\">Dowiedz si\u0119 wi\u0119cej<\/a><\/p>\n","protected":false},"author":3,"featured_media":0,"comment_status":"closed","ping_status":"closed","sticky":false,"template":"","format":"standard","meta":{"footnotes":""},"categories":[1],"tags":[],"class_list":["post-758","post","type-post","status-publish","format-standard","hentry","category-bez-kategorii"],"_links":{"self":[{"href":"https:\/\/adj.ifispan.pl\/index.php\/wp-json\/wp\/v2\/posts\/758","targetHints":{"allow":["GET"]}}],"collection":[{"href":"https:\/\/adj.ifispan.pl\/index.php\/wp-json\/wp\/v2\/posts"}],"about":[{"href":"https:\/\/adj.ifispan.pl\/index.php\/wp-json\/wp\/v2\/types\/post"}],"author":[{"embeddable":true,"href":"https:\/\/adj.ifispan.pl\/index.php\/wp-json\/wp\/v2\/users\/3"}],"replies":[{"embeddable":true,"href":"https:\/\/adj.ifispan.pl\/index.php\/wp-json\/wp\/v2\/comments?post=758"}],"version-history":[{"count":2,"href":"https:\/\/adj.ifispan.pl\/index.php\/wp-json\/wp\/v2\/posts\/758\/revisions"}],"predecessor-version":[{"id":763,"href":"https:\/\/adj.ifispan.pl\/index.php\/wp-json\/wp\/v2\/posts\/758\/revisions\/763"}],"wp:attachment":[{"href":"https:\/\/adj.ifispan.pl\/index.php\/wp-json\/wp\/v2\/media?parent=758"}],"wp:term":[{"taxonomy":"category","embeddable":true,"href":"https:\/\/adj.ifispan.pl\/index.php\/wp-json\/wp\/v2\/categories?post=758"},{"taxonomy":"post_tag","embeddable":true,"href":"https:\/\/adj.ifispan.pl\/index.php\/wp-json\/wp\/v2\/tags?post=758"}],"curies":[{"name":"wp","href":"https:\/\/api.w.org\/{rel}","templated":true}]}}