{"id":680,"date":"2022-09-23T15:53:00","date_gmt":"2022-09-23T13:53:00","guid":{"rendered":"https:\/\/adj.ifispan.pl\/?p=680"},"modified":"2022-10-11T15:56:11","modified_gmt":"2022-10-11T13:56:11","slug":"politolodzy-i-adj","status":"publish","type":"post","link":"https:\/\/adj.ifispan.pl\/index.php\/politolodzy-i-adj\/","title":{"rendered":"Politolodzy i ADJ"},"content":{"rendered":"\n<p>W dniach 21-23 wrze\u015bnia 2022 r. we Wroc\u0142awiu odby\u0142 si\u0119 5 Og\u00f3lnopolski Kongres Politologii \u201ePolityka \u0142adu. Polityka chaosu\u201d. Podczas warsztatu zorganizowanego w ramach Kongresu dr Joanna Gajda zach\u0119ca\u0142a politolog\u00f3w do deponowania danych w Archiwum Danych Jako\u015bciowych. Dzi\u0119kujemy za promocj\u0119 Archiwum i zapraszamy badaczy z obszaru nauk politycznych do kontaktu z nami!<\/p>\n","protected":false},"excerpt":{"rendered":"<p>W dniach 21-23 wrze\u015bnia 2022 r. we Wroc\u0142awiu odby\u0142 si\u0119 5 Og\u00f3lnopolski Kongres Politologii \u201ePolityka \u0142adu. Polityka chaosu\u201d. Podczas warsztatu zorganizowanego w ramach Kongresu dr Joanna Gajda zach\u0119ca\u0142a politolog\u00f3w do deponowania danych w Archiwum Danych Jako\u015bciowych. Dzi\u0119kujemy za promocj\u0119 Archiwum i zapraszamy badaczy z obszaru nauk politycznych do kontaktu z nami!<\/p>\n","protected":false},"author":3,"featured_media":0,"comment_status":"closed","ping_status":"closed","sticky":false,"template":"","format":"standard","meta":{"footnotes":""},"categories":[1],"tags":[],"class_list":["post-680","post","type-post","status-publish","format-standard","hentry","category-bez-kategorii"],"_links":{"self":[{"href":"https:\/\/adj.ifispan.pl\/index.php\/wp-json\/wp\/v2\/posts\/680","targetHints":{"allow":["GET"]}}],"collection":[{"href":"https:\/\/adj.ifispan.pl\/index.php\/wp-json\/wp\/v2\/posts"}],"about":[{"href":"https:\/\/adj.ifispan.pl\/index.php\/wp-json\/wp\/v2\/types\/post"}],"author":[{"embeddable":true,"href":"https:\/\/adj.ifispan.pl\/index.php\/wp-json\/wp\/v2\/users\/3"}],"replies":[{"embeddable":true,"href":"https:\/\/adj.ifispan.pl\/index.php\/wp-json\/wp\/v2\/comments?post=680"}],"version-history":[{"count":1,"href":"https:\/\/adj.ifispan.pl\/index.php\/wp-json\/wp\/v2\/posts\/680\/revisions"}],"predecessor-version":[{"id":681,"href":"https:\/\/adj.ifispan.pl\/index.php\/wp-json\/wp\/v2\/posts\/680\/revisions\/681"}],"wp:attachment":[{"href":"https:\/\/adj.ifispan.pl\/index.php\/wp-json\/wp\/v2\/media?parent=680"}],"wp:term":[{"taxonomy":"category","embeddable":true,"href":"https:\/\/adj.ifispan.pl\/index.php\/wp-json\/wp\/v2\/categories?post=680"},{"taxonomy":"post_tag","embeddable":true,"href":"https:\/\/adj.ifispan.pl\/index.php\/wp-json\/wp\/v2\/tags?post=680"}],"curies":[{"name":"wp","href":"https:\/\/api.w.org\/{rel}","templated":true}]}}