{"id":659,"date":"2022-03-18T17:06:00","date_gmt":"2022-03-18T16:06:00","guid":{"rendered":"https:\/\/adj.ifispan.pl\/?p=659"},"modified":"2022-03-24T17:11:49","modified_gmt":"2022-03-24T16:11:49","slug":"dyskusja-w-centrum-badan-historycznych-pan-w-berlinie","status":"publish","type":"post","link":"https:\/\/adj.ifispan.pl\/index.php\/dyskusja-w-centrum-badan-historycznych-pan-w-berlinie\/","title":{"rendered":"Dyskusja w Centrum Bada\u0144 Historycznych PAN w Berlinie"},"content":{"rendered":"\n<p>16 marca w Centrum Bada\u0144 Historycznych PAN w Berlinie odby\u0142a si\u0119 dyskusja o ksi\u0105\u017cce\u00a0<em><a rel=\"noreferrer noopener\" href=\"https:\/\/www.suhrkamp.de\/buch\/in-den-stuermen-der-transformation-t-9783518127988\" data-type=\"URL\" data-id=\"https:\/\/www.suhrkamp.de\/buch\/in-den-stuermen-der-transformation-t-9783518127988\" target=\"_blank\">In den St\u00fcrmen der Transformation. Zwei Werften zwischen Sozialismus und EU<\/a><\/em>\u00a0(Suhrkamp Verlag 2022). Piotr Filipkowski,\u00a0organizator wydarzenia i\u00a0wsp\u00f3\u0142autor pracy, przedstawi\u0142 referat metodologiczny, w kt\u00f3rym przywo\u0142ywa\u0142 badania styl\u00f3w \u017cycia Andrzeja Sici\u0144skiego z ko\u0144ca lat 1970.\u00a0W\u015br\u00f3d badanych w\u00f3wczas rodzin byli stoczniowcy z Gda\u0144ska. Materia\u0142y z tych bada\u0144 s\u0105 dost\u0119pne w Archiwum Danych Jako\u015bciowych IFiS PAN (zbi\u00f3r <a rel=\"noreferrer noopener\" href=\"https:\/\/rds.icm.edu.pl\/dataset.xhtml?persistentId=doi:10.18150\/S62QNY\" data-type=\"URL\" data-id=\"https:\/\/rds.icm.edu.pl\/dataset.xhtml?persistentId=doi:10.18150\/S62QNY\" target=\"_blank\">&#8222;Style \u017cycia w miastach polskich&#8221;<\/a>).<\/p>\n","protected":false},"excerpt":{"rendered":"<p>16 marca w Centrum Bada\u0144 Historycznych PAN w Berlinie odby\u0142a si\u0119 dyskusja o ksi\u0105\u017cce\u00a0In den St\u00fcrmen der Transformation. Zwei Werften zwischen Sozialismus und EU\u00a0(Suhrkamp Verlag 2022). Piotr Filipkowski,\u00a0organizator wydarzenia i\u00a0wsp\u00f3\u0142autor pracy, przedstawi\u0142 referat metodologiczny, w kt\u00f3rym przywo\u0142ywa\u0142 badania styl\u00f3w \u017cycia Andrzeja Sici\u0144skiego z ko\u0144ca lat 1970.\u00a0W\u015br\u00f3d badanych w\u00f3wczas rodzin byli stoczniowcy z Gda\u0144ska. Materia\u0142y z &#8230; <a title=\"Dyskusja w Centrum Bada\u0144 Historycznych PAN w Berlinie\" class=\"read-more\" href=\"https:\/\/adj.ifispan.pl\/index.php\/dyskusja-w-centrum-badan-historycznych-pan-w-berlinie\/\" aria-label=\"Dowiedz si\u0119 wi\u0119cej o Dyskusja w Centrum Bada\u0144 Historycznych PAN w Berlinie\">Dowiedz si\u0119 wi\u0119cej<\/a><\/p>\n","protected":false},"author":3,"featured_media":0,"comment_status":"closed","ping_status":"closed","sticky":false,"template":"","format":"standard","meta":{"footnotes":""},"categories":[1],"tags":[],"class_list":["post-659","post","type-post","status-publish","format-standard","hentry","category-bez-kategorii"],"_links":{"self":[{"href":"https:\/\/adj.ifispan.pl\/index.php\/wp-json\/wp\/v2\/posts\/659","targetHints":{"allow":["GET"]}}],"collection":[{"href":"https:\/\/adj.ifispan.pl\/index.php\/wp-json\/wp\/v2\/posts"}],"about":[{"href":"https:\/\/adj.ifispan.pl\/index.php\/wp-json\/wp\/v2\/types\/post"}],"author":[{"embeddable":true,"href":"https:\/\/adj.ifispan.pl\/index.php\/wp-json\/wp\/v2\/users\/3"}],"replies":[{"embeddable":true,"href":"https:\/\/adj.ifispan.pl\/index.php\/wp-json\/wp\/v2\/comments?post=659"}],"version-history":[{"count":2,"href":"https:\/\/adj.ifispan.pl\/index.php\/wp-json\/wp\/v2\/posts\/659\/revisions"}],"predecessor-version":[{"id":661,"href":"https:\/\/adj.ifispan.pl\/index.php\/wp-json\/wp\/v2\/posts\/659\/revisions\/661"}],"wp:attachment":[{"href":"https:\/\/adj.ifispan.pl\/index.php\/wp-json\/wp\/v2\/media?parent=659"}],"wp:term":[{"taxonomy":"category","embeddable":true,"href":"https:\/\/adj.ifispan.pl\/index.php\/wp-json\/wp\/v2\/categories?post=659"},{"taxonomy":"post_tag","embeddable":true,"href":"https:\/\/adj.ifispan.pl\/index.php\/wp-json\/wp\/v2\/tags?post=659"}],"curies":[{"name":"wp","href":"https:\/\/api.w.org\/{rel}","templated":true}]}}