{"id":652,"date":"2022-03-04T20:21:00","date_gmt":"2022-03-04T19:21:00","guid":{"rendered":"https:\/\/adj.ifispan.pl\/?p=652"},"modified":"2022-03-07T20:23:34","modified_gmt":"2022-03-07T19:23:34","slug":"nowy-zbior-w-adj-nestorzy-socjologii-pracy-w-polsce","status":"publish","type":"post","link":"https:\/\/adj.ifispan.pl\/index.php\/nowy-zbior-w-adj-nestorzy-socjologii-pracy-w-polsce\/","title":{"rendered":"Nowy zbi\u00f3r w ADJ: \u201eNestorzy socjologii pracy w Polsce\u201d"},"content":{"rendered":"\n<p>W ADJ opublikowany zosta\u0142 nowy zbi\u00f3r danych, zatytu\u0142owany <a href=\"https:\/\/rds.icm.edu.pl\/dataset.xhtml?persistentId=doi:10.18150\/VA7WHJ\" data-type=\"URL\" data-id=\"https:\/\/rds.icm.edu.pl\/dataset.xhtml?persistentId=doi:10.18150\/VA7WHJ\" target=\"_blank\" rel=\"noreferrer noopener\">\u201eNestorzy socjologii pracy w Polsce\u201d<\/a>. Autork\u0105 zbioru jest dr Olga Czeranowska z Uniwersytetu SWPS. Zbi\u00f3r jest efektem projektu \u201eNestorzy polskiej socjologii pracy o procesach instytucjonalizacji, kryzysu i perspektywach rozwoju tej subdyscypliny\u201d, zrealizowanego przez Sekcj\u0119 Socjologii Pracy Polskiego Towarzystwa Socjologicznego. Projekt opiera\u0142 si\u0119 na badaniu prowadzonym przy pomocy wywiad\u00f3w pog\u0142\u0119bionych (z elementami narracji biograficznej) z osobami zas\u0142u\u017conymi dla instytucjonalizacji socjologii pracy oraz rozwoju studi\u00f3w nad prac\u0105 w Polsce. W badaniu uwzgl\u0119dniono zar\u00f3wno dzia\u0142ania socjolog\u00f3w-praktyk\u00f3w, kt\u00f3rzy funkcjonowali w dobie PRL w zak\u0142adach pracy, jak i socjolog\u00f3w-akademickich, kt\u00f3rzy skoncentrowani byli na pracy naukowej i dydaktycznej. Zbi\u00f3r zawiera 19 wywiad\u00f3w, przeprowadzonych w latach 2016\u20132018.<\/p>\n","protected":false},"excerpt":{"rendered":"<p>W ADJ opublikowany zosta\u0142 nowy zbi\u00f3r danych, zatytu\u0142owany \u201eNestorzy socjologii pracy w Polsce\u201d. Autork\u0105 zbioru jest dr Olga Czeranowska z Uniwersytetu SWPS. Zbi\u00f3r jest efektem projektu \u201eNestorzy polskiej socjologii pracy o procesach instytucjonalizacji, kryzysu i perspektywach rozwoju tej subdyscypliny\u201d, zrealizowanego przez Sekcj\u0119 Socjologii Pracy Polskiego Towarzystwa Socjologicznego. Projekt opiera\u0142 si\u0119 na badaniu prowadzonym przy pomocy &#8230; <a title=\"Nowy zbi\u00f3r w ADJ: \u201eNestorzy socjologii pracy w Polsce\u201d\" class=\"read-more\" href=\"https:\/\/adj.ifispan.pl\/index.php\/nowy-zbior-w-adj-nestorzy-socjologii-pracy-w-polsce\/\" aria-label=\"Dowiedz si\u0119 wi\u0119cej o Nowy zbi\u00f3r w ADJ: \u201eNestorzy socjologii pracy w Polsce\u201d\">Dowiedz si\u0119 wi\u0119cej<\/a><\/p>\n","protected":false},"author":3,"featured_media":0,"comment_status":"closed","ping_status":"closed","sticky":false,"template":"","format":"standard","meta":{"footnotes":""},"categories":[1],"tags":[],"class_list":["post-652","post","type-post","status-publish","format-standard","hentry","category-bez-kategorii"],"_links":{"self":[{"href":"https:\/\/adj.ifispan.pl\/index.php\/wp-json\/wp\/v2\/posts\/652","targetHints":{"allow":["GET"]}}],"collection":[{"href":"https:\/\/adj.ifispan.pl\/index.php\/wp-json\/wp\/v2\/posts"}],"about":[{"href":"https:\/\/adj.ifispan.pl\/index.php\/wp-json\/wp\/v2\/types\/post"}],"author":[{"embeddable":true,"href":"https:\/\/adj.ifispan.pl\/index.php\/wp-json\/wp\/v2\/users\/3"}],"replies":[{"embeddable":true,"href":"https:\/\/adj.ifispan.pl\/index.php\/wp-json\/wp\/v2\/comments?post=652"}],"version-history":[{"count":2,"href":"https:\/\/adj.ifispan.pl\/index.php\/wp-json\/wp\/v2\/posts\/652\/revisions"}],"predecessor-version":[{"id":654,"href":"https:\/\/adj.ifispan.pl\/index.php\/wp-json\/wp\/v2\/posts\/652\/revisions\/654"}],"wp:attachment":[{"href":"https:\/\/adj.ifispan.pl\/index.php\/wp-json\/wp\/v2\/media?parent=652"}],"wp:term":[{"taxonomy":"category","embeddable":true,"href":"https:\/\/adj.ifispan.pl\/index.php\/wp-json\/wp\/v2\/categories?post=652"},{"taxonomy":"post_tag","embeddable":true,"href":"https:\/\/adj.ifispan.pl\/index.php\/wp-json\/wp\/v2\/tags?post=652"}],"curies":[{"name":"wp","href":"https:\/\/api.w.org\/{rel}","templated":true}]}}