{"id":641,"date":"2022-02-17T14:41:00","date_gmt":"2022-02-17T13:41:00","guid":{"rendered":"https:\/\/adj.ifispan.pl\/?p=641"},"modified":"2022-02-18T14:46:06","modified_gmt":"2022-02-18T13:46:06","slug":"polityka-zarzadzania-danymi-badawczymi-w-ifis-pan","status":"publish","type":"post","link":"https:\/\/adj.ifispan.pl\/index.php\/polityka-zarzadzania-danymi-badawczymi-w-ifis-pan\/","title":{"rendered":"Polityka zarz\u0105dzania danymi badawczymi w IFiS PAN"},"content":{"rendered":"\n<p>Instytut Filozofii i Socjologii PAN wprowadzi\u0142 <a rel=\"noreferrer noopener\" href=\"https:\/\/adj.ifispan.pl\/wp-content\/uploads\/2022\/02\/Polityka_zarzadzania_danymi.docx\" data-type=\"URL\" data-id=\"https:\/\/adj.ifispan.pl\/wp-content\/uploads\/2022\/02\/Polityka_zarzadzania_danymi.docx\" target=\"_blank\">&#8222;Polityk\u0119 zarz\u0105dzania danymi badawczymi&#8221;<\/a>.<\/p>\n\n\n\n<p><a href=\"https:\/\/adj.ifispan.pl\/wp-content\/uploads\/2022\/02\/Research_Data_Management_Policy_15022022.docx\" data-type=\"URL\" data-id=\"https:\/\/adj.ifispan.pl\/wp-content\/uploads\/2022\/02\/Research_Data_Management_Policy_15022022.docx\">[&#8222;Polityka&#8221; \u2013 t\u0142umaczenie na angielski]<\/a><\/p>\n\n\n\n<p><\/p>\n","protected":false},"excerpt":{"rendered":"<p>Instytut Filozofii i Socjologii PAN wprowadzi\u0142 &#8222;Polityk\u0119 zarz\u0105dzania danymi badawczymi&#8221;. [&#8222;Polityka&#8221; \u2013 t\u0142umaczenie na angielski]<\/p>\n","protected":false},"author":3,"featured_media":0,"comment_status":"closed","ping_status":"closed","sticky":false,"template":"","format":"standard","meta":{"footnotes":""},"categories":[1],"tags":[],"class_list":["post-641","post","type-post","status-publish","format-standard","hentry","category-bez-kategorii"],"_links":{"self":[{"href":"https:\/\/adj.ifispan.pl\/index.php\/wp-json\/wp\/v2\/posts\/641","targetHints":{"allow":["GET"]}}],"collection":[{"href":"https:\/\/adj.ifispan.pl\/index.php\/wp-json\/wp\/v2\/posts"}],"about":[{"href":"https:\/\/adj.ifispan.pl\/index.php\/wp-json\/wp\/v2\/types\/post"}],"author":[{"embeddable":true,"href":"https:\/\/adj.ifispan.pl\/index.php\/wp-json\/wp\/v2\/users\/3"}],"replies":[{"embeddable":true,"href":"https:\/\/adj.ifispan.pl\/index.php\/wp-json\/wp\/v2\/comments?post=641"}],"version-history":[{"count":3,"href":"https:\/\/adj.ifispan.pl\/index.php\/wp-json\/wp\/v2\/posts\/641\/revisions"}],"predecessor-version":[{"id":647,"href":"https:\/\/adj.ifispan.pl\/index.php\/wp-json\/wp\/v2\/posts\/641\/revisions\/647"}],"wp:attachment":[{"href":"https:\/\/adj.ifispan.pl\/index.php\/wp-json\/wp\/v2\/media?parent=641"}],"wp:term":[{"taxonomy":"category","embeddable":true,"href":"https:\/\/adj.ifispan.pl\/index.php\/wp-json\/wp\/v2\/categories?post=641"},{"taxonomy":"post_tag","embeddable":true,"href":"https:\/\/adj.ifispan.pl\/index.php\/wp-json\/wp\/v2\/tags?post=641"}],"curies":[{"name":"wp","href":"https:\/\/api.w.org\/{rel}","templated":true}]}}