{"id":1147,"date":"2026-04-29T15:49:50","date_gmt":"2026-04-29T13:49:50","guid":{"rendered":"https:\/\/adj.ifispan.pl\/?p=1147"},"modified":"2026-04-29T15:49:50","modified_gmt":"2026-04-29T13:49:50","slug":"oral-history-seminar-czechoslovak-polish-scientific-networks-2","status":"publish","type":"post","link":"https:\/\/adj.ifispan.pl\/index.php\/en\/oral-history-seminar-czechoslovak-polish-scientific-networks-2\/","title":{"rendered":"Oral History Seminar: Czechoslovak-Polish Scientific Networks"},"content":{"rendered":"\n<p>The latest Oral History Seminar was held on 22 April 2026 at the Institute of History of the Jagiellonian University. On this occasion, Dr Tom\u00e1\u0161 W. Pavl\u00ed\u010dek, a researcher at the Czech Academy of Sciences and a collaborator of the Institute of History of the Polish Academy of Sciences, presented an interview with the mathematician Roman Duda (born 1935). The interview was recorded as part of research on the history of science and Polish\u2013Czechoslovak scientific networks. The project is expected to result in a book entitled <em>Roman Duda: Apostle of the Wroc\u0142aw Mathematicians<\/em>.<\/p>\n\n\n\n<p>The Oral History Seminars are co-organized by the Qualitative Data Archive at IFiS PAN, the Faculty of Culture and Arts at the University of Warsaw, and the Polish Oral History Association. The initiative is under the patronage of the&nbsp;<em>Wroc\u0142aw Yearbook of Oral History<\/em>. The schedule of upcoming seminars can be found on the&nbsp;<a href=\"https:\/\/pthm.pl\/2025\/12\/15\/oral-history-seminars\/\" target=\"_blank\" rel=\"noreferrer noopener\">website of the Polish Oral History Association<\/a>. For more information, please contact: seminariumoralhistory@gmail.com.<\/p>\n\n\n\n<p><\/p>\n","protected":false},"excerpt":{"rendered":"<p>The latest Oral History Seminar was held on 22 April 2026 at the Institute of History of the Jagiellonian University. On this occasion, Dr Tom\u00e1\u0161 W. Pavl\u00ed\u010dek, a researcher at the Czech Academy of Sciences and a collaborator of the Institute of History of the Polish Academy of Sciences, presented an interview with the mathematician &#8230; <a title=\"Oral History Seminar: Czechoslovak-Polish Scientific Networks\" class=\"read-more\" href=\"https:\/\/adj.ifispan.pl\/index.php\/en\/oral-history-seminar-czechoslovak-polish-scientific-networks-2\/\" aria-label=\"Dowiedz si\u0119 wi\u0119cej o Oral History Seminar: Czechoslovak-Polish Scientific Networks\">Dowiedz si\u0119 wi\u0119cej<\/a><\/p>\n","protected":false},"author":3,"featured_media":0,"comment_status":"closed","ping_status":"closed","sticky":false,"template":"","format":"standard","meta":{"footnotes":""},"categories":[13],"tags":[],"class_list":["post-1147","post","type-post","status-publish","format-standard","hentry","category-uncategorized-en"],"_links":{"self":[{"href":"https:\/\/adj.ifispan.pl\/index.php\/wp-json\/wp\/v2\/posts\/1147","targetHints":{"allow":["GET"]}}],"collection":[{"href":"https:\/\/adj.ifispan.pl\/index.php\/wp-json\/wp\/v2\/posts"}],"about":[{"href":"https:\/\/adj.ifispan.pl\/index.php\/wp-json\/wp\/v2\/types\/post"}],"author":[{"embeddable":true,"href":"https:\/\/adj.ifispan.pl\/index.php\/wp-json\/wp\/v2\/users\/3"}],"replies":[{"embeddable":true,"href":"https:\/\/adj.ifispan.pl\/index.php\/wp-json\/wp\/v2\/comments?post=1147"}],"version-history":[{"count":1,"href":"https:\/\/adj.ifispan.pl\/index.php\/wp-json\/wp\/v2\/posts\/1147\/revisions"}],"predecessor-version":[{"id":1148,"href":"https:\/\/adj.ifispan.pl\/index.php\/wp-json\/wp\/v2\/posts\/1147\/revisions\/1148"}],"wp:attachment":[{"href":"https:\/\/adj.ifispan.pl\/index.php\/wp-json\/wp\/v2\/media?parent=1147"}],"wp:term":[{"taxonomy":"category","embeddable":true,"href":"https:\/\/adj.ifispan.pl\/index.php\/wp-json\/wp\/v2\/categories?post=1147"},{"taxonomy":"post_tag","embeddable":true,"href":"https:\/\/adj.ifispan.pl\/index.php\/wp-json\/wp\/v2\/tags?post=1147"}],"curies":[{"name":"wp","href":"https:\/\/api.w.org\/{rel}","templated":true}]}}