{"id":1144,"date":"2026-04-29T15:47:35","date_gmt":"2026-04-29T13:47:35","guid":{"rendered":"https:\/\/adj.ifispan.pl\/?p=1144"},"modified":"2026-04-29T15:48:34","modified_gmt":"2026-04-29T13:48:34","slug":"oral-history-seminar-czechoslovak-polish-scientific-networks","status":"publish","type":"post","link":"https:\/\/adj.ifispan.pl\/index.php\/oral-history-seminar-czechoslovak-polish-scientific-networks\/","title":{"rendered":"Seminarium Historii M\u00f3wionej: Czechos\u0142owacko-polskie sieci naukowe"},"content":{"rendered":"\n<p>22 kwietnia 2026 r. w Instytucie Historii Uniwersytetu Jagiello\u0144skiego odby\u0142o si\u0119 Seminarium Historii M\u00f3wionej.Tym razem dr Tom\u00e1\u0161 W. Pavl\u00ed\u010dek, pracownik Czeskiej Akademii Nauk i wsp\u00f3\u0142pracownik Instytutu Historii PAN, zaprezentowa\u0142 wywiad z matematykiem Romanem Dud\u0105 (ur. 1935), nagrany w ramach bada\u0144 dotycz\u0105cych historii nauki i polsko-czechos\u0142owackich sieci naukowych. Rezultatem projektu ma by\u0107 ksi\u0105\u017cka pt. \u201eRoman Duda. Aposto\u0142 wroc\u0142awskich matematyk\u00f3w\u201d.<\/p>\n\n\n\n<p>Seminaria Historii M\u00f3wionej wsp\u00f3\u0142organizowane s\u0105 przez Archiwum Danych Jako\u015bciowych IFiS PAN, Wydzia\u0142 Nauk o Kulturze i Sztuce UW oraz Polskie Towarzystwo Historii M\u00f3wionej. Inicjatywie patronuje \u201eWroc\u0142awski Rocznik Historii M\u00f3wionej\u201d. Plan seminari\u00f3w na najbli\u017csze miesi\u0105ce mo\u017cna znale\u017a\u0107\u00a0<a href=\"https:\/\/pthm.pl\/2025\/12\/15\/seminaria-historii-mowionej\/\">na stronie<\/a>\u00a0Polskiego Towarzystwa Historii M\u00f3wionej. Wi\u0119cej informacji pod adresem:\u00a0<a href=\"mailto:seminariumoralhistory@gmail.com\">seminariumoralhistory@gmail.com<\/a>.<\/p>\n\n\n\n<p><\/p>\n\n\n\n<p><\/p>\n","protected":false},"excerpt":{"rendered":"<p>22 kwietnia 2026 r. w Instytucie Historii Uniwersytetu Jagiello\u0144skiego odby\u0142o si\u0119 Seminarium Historii M\u00f3wionej.Tym razem dr Tom\u00e1\u0161 W. Pavl\u00ed\u010dek, pracownik Czeskiej Akademii Nauk i wsp\u00f3\u0142pracownik Instytutu Historii PAN, zaprezentowa\u0142 wywiad z matematykiem Romanem Dud\u0105 (ur. 1935), nagrany w ramach bada\u0144 dotycz\u0105cych historii nauki i polsko-czechos\u0142owackich sieci naukowych. Rezultatem projektu ma by\u0107 ksi\u0105\u017cka pt. \u201eRoman Duda. &#8230; <a title=\"Seminarium Historii M\u00f3wionej: Czechos\u0142owacko-polskie sieci naukowe\" class=\"read-more\" href=\"https:\/\/adj.ifispan.pl\/index.php\/oral-history-seminar-czechoslovak-polish-scientific-networks\/\" aria-label=\"Dowiedz si\u0119 wi\u0119cej o Seminarium Historii M\u00f3wionej: Czechos\u0142owacko-polskie sieci naukowe\">Dowiedz si\u0119 wi\u0119cej<\/a><\/p>\n","protected":false},"author":3,"featured_media":0,"comment_status":"closed","ping_status":"closed","sticky":false,"template":"","format":"standard","meta":{"footnotes":""},"categories":[1],"tags":[],"class_list":["post-1144","post","type-post","status-publish","format-standard","hentry","category-bez-kategorii"],"_links":{"self":[{"href":"https:\/\/adj.ifispan.pl\/index.php\/wp-json\/wp\/v2\/posts\/1144","targetHints":{"allow":["GET"]}}],"collection":[{"href":"https:\/\/adj.ifispan.pl\/index.php\/wp-json\/wp\/v2\/posts"}],"about":[{"href":"https:\/\/adj.ifispan.pl\/index.php\/wp-json\/wp\/v2\/types\/post"}],"author":[{"embeddable":true,"href":"https:\/\/adj.ifispan.pl\/index.php\/wp-json\/wp\/v2\/users\/3"}],"replies":[{"embeddable":true,"href":"https:\/\/adj.ifispan.pl\/index.php\/wp-json\/wp\/v2\/comments?post=1144"}],"version-history":[{"count":2,"href":"https:\/\/adj.ifispan.pl\/index.php\/wp-json\/wp\/v2\/posts\/1144\/revisions"}],"predecessor-version":[{"id":1146,"href":"https:\/\/adj.ifispan.pl\/index.php\/wp-json\/wp\/v2\/posts\/1144\/revisions\/1146"}],"wp:attachment":[{"href":"https:\/\/adj.ifispan.pl\/index.php\/wp-json\/wp\/v2\/media?parent=1144"}],"wp:term":[{"taxonomy":"category","embeddable":true,"href":"https:\/\/adj.ifispan.pl\/index.php\/wp-json\/wp\/v2\/categories?post=1144"},{"taxonomy":"post_tag","embeddable":true,"href":"https:\/\/adj.ifispan.pl\/index.php\/wp-json\/wp\/v2\/tags?post=1144"}],"curies":[{"name":"wp","href":"https:\/\/api.w.org\/{rel}","templated":true}]}}