{"id":1000,"date":"2024-03-01T12:54:00","date_gmt":"2024-03-01T11:54:00","guid":{"rendered":"https:\/\/adj.ifispan.pl\/?p=1000"},"modified":"2025-01-03T12:56:53","modified_gmt":"2025-01-03T11:56:53","slug":"seminarium-historii-mowionej-historia-spolecznosci-zydowskiej-bialowiezy","status":"publish","type":"post","link":"https:\/\/adj.ifispan.pl\/index.php\/seminarium-historii-mowionej-historia-spolecznosci-zydowskiej-bialowiezy\/","title":{"rendered":"Seminarium Historii M\u00f3wionej: historia spo\u0142eczno\u015bci \u017cydowskiej Bia\u0142owie\u017cy"},"content":{"rendered":"\n<p>28 lutego odby\u0142o si\u0119 Seminarium Historii M\u00f3wionej. Uczestnicy analizowali wywiad, nagrany z m\u0119\u017cczyzn\u0105 urodzonym w 1934 r., kt\u00f3ry sp\u0119dzi\u0142 dzieci\u0144stwo (w tym okres II wojny \u015bwiatowej) w Bia\u0142owie\u017cy. Wywiad przeprowadzi\u0142a pani Katarzyna Winiarska \u2013 animatorka kultury i edukatorka zwi\u0105zana z Puszcz\u0105 Bia\u0142owiesk\u0105, tw\u00f3rczyni <a href=\"http:\/\/www.jewish-bialowieza.pl\/\" data-type=\"link\" data-id=\"http:\/\/www.jewish-bialowieza.pl\/\">Wirtualnego Muzeum Historii \u017byd\u00f3w w Bia\u0142owie\u017cy<\/a>, doktorantka w Szkole Doktorskiej Nauk Spo\u0142ecznych Uniwersytetu Warszawskiego. Nagranie pochodzi z zespo\u0142u wywiad\u00f3w zbieranych przez ni\u0105 w celu opisania historii spo\u0142eczno\u015bci \u017cydowskiej Bia\u0142owie\u017cy.<\/p>\n\n\n\n<p>Seminaria Historii M\u00f3wionej wsp\u00f3\u0142organizowane s\u0105&nbsp; przez Wydzia\u0142 Nauk o Kulturze i Sztuce UW, Archiwum Danych Jako\u015bciowych IFiS PAN oraz Polskie Towarzystwo Historii M\u00f3wionej. Inicjatywie patronuje \u201eWroc\u0142awski Rocznik Historii M\u00f3wionej\u201d.<\/p>\n","protected":false},"excerpt":{"rendered":"<p>28 lutego odby\u0142o si\u0119 Seminarium Historii M\u00f3wionej. Uczestnicy analizowali wywiad, nagrany z m\u0119\u017cczyzn\u0105 urodzonym w 1934 r., kt\u00f3ry sp\u0119dzi\u0142 dzieci\u0144stwo (w tym okres II wojny \u015bwiatowej) w Bia\u0142owie\u017cy. Wywiad przeprowadzi\u0142a pani Katarzyna Winiarska \u2013 animatorka kultury i edukatorka zwi\u0105zana z Puszcz\u0105 Bia\u0142owiesk\u0105, tw\u00f3rczyni Wirtualnego Muzeum Historii \u017byd\u00f3w w Bia\u0142owie\u017cy, doktorantka w Szkole Doktorskiej Nauk Spo\u0142ecznych &#8230; <a title=\"Seminarium Historii M\u00f3wionej: historia spo\u0142eczno\u015bci \u017cydowskiej Bia\u0142owie\u017cy\" class=\"read-more\" href=\"https:\/\/adj.ifispan.pl\/index.php\/seminarium-historii-mowionej-historia-spolecznosci-zydowskiej-bialowiezy\/\" aria-label=\"Dowiedz si\u0119 wi\u0119cej o Seminarium Historii M\u00f3wionej: historia spo\u0142eczno\u015bci \u017cydowskiej Bia\u0142owie\u017cy\">Dowiedz si\u0119 wi\u0119cej<\/a><\/p>\n","protected":false},"author":3,"featured_media":0,"comment_status":"closed","ping_status":"closed","sticky":false,"template":"","format":"standard","meta":{"footnotes":""},"categories":[1],"tags":[],"class_list":["post-1000","post","type-post","status-publish","format-standard","hentry","category-bez-kategorii"],"_links":{"self":[{"href":"https:\/\/adj.ifispan.pl\/index.php\/wp-json\/wp\/v2\/posts\/1000","targetHints":{"allow":["GET"]}}],"collection":[{"href":"https:\/\/adj.ifispan.pl\/index.php\/wp-json\/wp\/v2\/posts"}],"about":[{"href":"https:\/\/adj.ifispan.pl\/index.php\/wp-json\/wp\/v2\/types\/post"}],"author":[{"embeddable":true,"href":"https:\/\/adj.ifispan.pl\/index.php\/wp-json\/wp\/v2\/users\/3"}],"replies":[{"embeddable":true,"href":"https:\/\/adj.ifispan.pl\/index.php\/wp-json\/wp\/v2\/comments?post=1000"}],"version-history":[{"count":1,"href":"https:\/\/adj.ifispan.pl\/index.php\/wp-json\/wp\/v2\/posts\/1000\/revisions"}],"predecessor-version":[{"id":1001,"href":"https:\/\/adj.ifispan.pl\/index.php\/wp-json\/wp\/v2\/posts\/1000\/revisions\/1001"}],"wp:attachment":[{"href":"https:\/\/adj.ifispan.pl\/index.php\/wp-json\/wp\/v2\/media?parent=1000"}],"wp:term":[{"taxonomy":"category","embeddable":true,"href":"https:\/\/adj.ifispan.pl\/index.php\/wp-json\/wp\/v2\/categories?post=1000"},{"taxonomy":"post_tag","embeddable":true,"href":"https:\/\/adj.ifispan.pl\/index.php\/wp-json\/wp\/v2\/tags?post=1000"}],"curies":[{"name":"wp","href":"https:\/\/api.w.org\/{rel}","templated":true}]}}